{"id":49,"date":"2009-03-04T03:14:52","date_gmt":"2009-03-04T01:14:52","guid":{"rendered":"http:\/\/adolfoplasencia.es\/blog\/?p=49"},"modified":"2020-08-28T14:47:38","modified_gmt":"2020-08-28T12:47:38","slug":"vivimos-tiempos-exponenciales","status":"publish","type":"post","link":"https:\/\/adolfoplasencia.es\/blog\/vivimos-tiempos-exponenciales\/","title":{"rendered":"Vivimos tiempos exponenciales"},"content":{"rendered":"<p><a href=\"https:\/\/adolfoplasencia.es\/blog\/vivimos-tiempos-exponenciales\/mapa-global-hiperconexiocc81n-500px\/\" rel=\"attachment wp-att-1588\"><img loading=\"lazy\" decoding=\"async\" class=\"aligncenter size-full wp-image-1588\" src=\"https:\/\/adolfoplasencia.es\/blog\/wp-content\/uploads\/mapa-global-hiperconexiocc81n-500px.jpg\" alt=\"\" width=\"500\" height=\"297\" srcset=\"https:\/\/adolfoplasencia.es\/blog\/wp-content\/uploads\/mapa-global-hiperconexiocc81n-500px.jpg 500w, https:\/\/adolfoplasencia.es\/blog\/wp-content\/uploads\/mapa-global-hiperconexiocc81n-500px-300x178.jpg 300w\" sizes=\"auto, (max-width: 500px) 100vw, 500px\" \/><\/a><\/p>\n<p>&nbsp;<\/p>\n<p>Mirando a nuestro alrededor, con mirada sobre lo local y sobre lo global (dejemos de pensar en lo global no es el \u2018extranjero\u2019, nosotros y nuestro ahora local formamos parte de lo global), lo primero es ser conscientes de los tiempos que nos ha tocado vivir.<\/p>\n<p>Vivimos tiempos exponenciales. Tenemos a nuestra alcance instrumentos digitales que nos permiten participar de la conciencia global. Por eso, podemos leer en twitter en tiempo real algo que alguien, a quien hemos elegido seguir, acaba de subir a \u2018su\u2019 twitter, -que vemos en el nuestro- segundos despu\u00e9s, est\u00e9 en Tokio, San Francisco o Berl\u00edn. Podemos percibir, mediante esa conciencia global de tiempo real que nos permite la red.<\/p>\n<p>Hay que intentar aprovechar las oportunidades que la tecnolog\u00eda digital ofrece para pero tambi\u00e9n por nuestra visi\u00f3n cr\u00edtica tanto de la tecnolog\u00eda como de sus usos. No somos aqu\u00ed simples \u2018ap\u00f3stoles\u2019 de la tecnolog\u00eda y de las empresas que la fabrican o la venden con las que vamos a ser tan cr\u00edticos como con los usos est\u00fapidos de la tecnolog\u00eda entendida como parte de las modas o de las industrias de la estupidez, usos que est\u00e1n, desgraciadamente cada vez mas extendidos y que, creo, debemos combatir.<\/p>\n<p>Hemos de entender la tecnolog\u00eda no como una herramienta sino como un instrumento, <a href=\"http:\/\/bit.ly\/1Lu85pb\">no como un martillo sino como un viol\u00edn<\/a>.<\/p>\n<p>Muchas cosas, y casi todas las de\u00a0educaci\u00f3n, est\u00e1n en proceso radical de cambio. Como dice Raymond Kurzweil, nos dirigimos hacia una singularidad tecnol\u00f3gica y a una enorme velocidad que\u00a0nos impone cambios continuos y enormes m\u00e1s all\u00e1 de nuestra voluntad. Y \u00bfqu\u00e9 significa eso?<\/p>\n<p>Seg\u00fan Raimond Kurzweil, no estamos acostumbrados a pensar en t\u00e9rminos exponenciales sobre la evoluci\u00f3n tecnol\u00f3gica y cient\u00edfica, ya que nuestra propia biolog\u00eda nos limita a la que <strong>Kuzweil <\/strong>llama visi\u00f3n \u201clineal intuitiva\u201d de la historia, que es la que poseemos. Afirma que para comprender nuestra realidad actual deberemos transformarla en una visi\u00f3n \u201chist\u00f3rica exponencial\u201d ya que, sin esta \u00faltima, se mantendr\u00e1 el escepticismo sobre la proposici\u00f3n de la <a title=\"Singularidad tecnol\u00f3gica Wikipedia\" href=\"http:\/\/es.wikipedia.org\/wiki\/Singularidad_tecnol%C3%B3gica\" target=\"_blank\" rel=\"noopener noreferrer\">Singularidad Tecnol\u00f3gica<\/a>.<\/p>\n<p>Vivimos un proceso de continua transformaci\u00f3n ya que esta afectada directamente por la evoluci\u00f3n de las tecnolog\u00edas de la informaci\u00f3n que seg\u00fan la &#8220;<a title=\"The Law of Accelerating Returns by Ray Kurzweil\" href=\"http:\/\/www.kurzweilai.net\/articles\/art0134.html?printable=1\" target=\"_blank\" rel=\"noopener noreferrer\"><strong>Ley de los Retornos Acelerados<\/strong><\/a>\u201d -propuesta por <strong>Kurzweil<\/strong> para comprender estos cambios- que propone que, en el momento en que un \u00e1mbito concreto de la ciencia o la tecnolog\u00eda se convierte en informaci\u00f3n, se acelera y crece exponencialmente.<\/p>\n<p>Tratar\u00e9 de explicarlo. Desde hace a\u00f1os, un grupo de cient\u00edficos y tecn\u00f3logos bastante heterodoxos esta llevando a cabo una cierta alfabetizaci\u00f3n social sobre lo que significa la \u2018Singularidad Tecnol\u00f3gica\u2019 que ha tra\u00eddo lo digital. Ejemplo de ello es el debate\u00a0<strong>\u201c<a title=\"The Singularity Web IEEE Spectrum\" href=\"http:\/\/www.spectrum.ieee.org\/singularity\" target=\"_blank\" rel=\"noopener noreferrer\">Debate sobre la Singularidad Tecnol\u00f3gica<\/a>\u00a0\/ La fusi\u00f3n entre la biolog\u00eda y la tecnolog\u00eda\u201d<\/strong>\u00a0que ha plante\u00f3 ya hace un tiempo en una publicaci\u00f3n de referencia \u00a0mundial en el mundo de la tecnolog\u00eda y sobre todo de la ingenier\u00eda: la revista digital\u00a0<a title=\"IEEE Spectrum Online\" href=\"http:\/\/www.spectrum.ieee.org\/\" target=\"_blank\" rel=\"noopener noreferrer\"><em>IEEE Spectrum<\/em>\u00a0<\/a>(ligada al famoso famoso \u2018<a title=\"IEEE Web sonora\" href=\"http:\/\/upload.wikimedia.org\/wikipedia\/commons\/d\/d6\/Es-IEEE-article-1.ogg\" target=\"_blank\" rel=\"noopener noreferrer\">IEC<\/a>ubo\u2019, una de la asociaciones de ingenier\u00eda mas poderosas del mundo y pragm\u00e1tica donde las haya). Participaron en el debate tanto el famoso profesor del MIT \u00a0<strong><a title=\"Neil Gershenfeld Director, Center for Bits and Atoms Professor of MIT Media Lab\" href=\"http:\/\/www.media.mit.edu\/people\/bio_neilg.html\" target=\"_blank\" rel=\"noopener noreferrer\">Neil Gershenfeld<\/a>\u00a0<\/strong>(Director del\u00a0<a title=\"Center for Bits and Atoms Wikipedia\" href=\"http:\/\/en.wikipedia.org\/wiki\/Center_for_Bits_and_Atoms\" target=\"_blank\" rel=\"noopener noreferrer\">Center for Bits and Atoms<\/a>), como lo no menos prestigiosos\u00a0<a title=\"John Horgan Wikipedia\" href=\"http:\/\/en.wikipedia.org\/wiki\/John_Horgan_(American_journalist)\" target=\"_blank\" rel=\"noopener noreferrer\"><strong>John Horgan<\/strong><\/a>,\u00a0<strong><a title=\"Hans P. Moravec , Robotics Institute Carnegie Mellon University\" href=\"http:\/\/www.frc.ri.cmu.edu\/~hpm\/hpm.cv.html\" target=\"_blank\" rel=\"noopener noreferrer\">Hans Moravec<\/a>\u00a0<\/strong>(Carnegie Mellon Robotics Institute) as\u00ed como un grupo de cient\u00edficos del<strong>\u00a0<a title=\"The Singularity Institute for Artificial Intelligence (SIAI) Web\" href=\"http:\/\/singinst.org\/\" target=\"_blank\" rel=\"noopener noreferrer\">The Singularity Institute for Artificial Intelligence (SIAI)<\/a><\/strong>\u00a0y, fundamentalmente, su director\u00a0<a title=\"Raymond Kurzweil Wikipedia\" href=\"http:\/\/es.wikipedia.org\/wiki\/Raymond_Kurzweil\" target=\"_blank\" rel=\"noopener noreferrer\"><strong>Raymond Kurzweil<\/strong>\u00a0<\/a>(escritor y cient\u00edfico especializado en las ciencias de la computaci\u00f3n y la<a title=\"nteligencia artificial Wikipedia\" href=\"http:\/\/es.wikipedia.org\/wiki\/Inteligencia_artificial\" target=\"_blank\" rel=\"noopener noreferrer\">\u00a0inteligencia artificial<\/a>) que argumentan a favor de que ya es un hecho que\u2026 \u201d estamos viviendo en\u00a0<strong><em>Tiempos Exponenciales\u201d<\/em>.<\/strong>\u00a0Intentar comprender la crecientemente compleja realidad del mundo en que vivimos hoy y su pr\u00f3xima evoluci\u00f3n, nos plantea m\u00faltiples dificultades que est\u00e1n directamente relacionadas con ello.<\/p>\n<p>Un estupendo y simb\u00f3lico ejemplo de estas reflexiones, es una pionera iniciativa educativa en EE.UU., que aunque arranc\u00f3 hace bastantes a\u00f1os que tiene que ver con el mundo de la educaci\u00f3n y es una forma de tomar conciencia sobre como debemos visualizar lo que esta pasando para tomar conciencia de las escalas de la globalizaci\u00f3n digital de nuestro mundo actual. Aunque las cifras hay que extrapolarlas a las actuales , s\u00ed nos valen aun si visi\u00f3n y sus criterios. Se llama: <strong><a title=\"shifthappens Wiki\" href=\"http:\/\/shifthappens.wikispaces.com\/\">shifthappens<\/a>.\u00a0<\/strong>\u00a0Estoy bastante de acuerdo con sus premisas que intentan concienciar\u00a0y\u00a0\u2018alfabetizar\u2019 sobre c\u00f3mo afectan los\u00a0cambios de lo digital al mundo de la educaci\u00f3n<strong>.\u00a0<\/strong>Me sumado, modestamente a la iniciativa que \u00a0 pusieron en marcha ya hace unos a\u00f1os los profesores\u00a0\u00a0<a title=\"Karl Fisch Blog\" href=\"http:\/\/www.blogger.com\/profile\/11121548023409279686\" target=\"_blank\" rel=\"noopener noreferrer\"><strong>Karl Fisch<\/strong><\/a>\u00a0y\u00a0<a title=\"Scott McLeod Web\" href=\"http:\/\/www.scottmcleod.net\/\" target=\"_blank\" rel=\"noopener noreferrer\"><strong>Scott McLeod,<\/strong><\/a>\u00a0publicando en la red su presentaci\u00f3n\u00a0\u00a0<strong>Did You Know? (\u00bfSab\u00edas qu\u00e9?)<\/strong>\u00a0en\u00a0<a title=\"shifthappens Wiki\" href=\"http:\/\/shifthappens.wikispaces.com\/\"><strong>shifthappens<\/strong><\/a>, una\u00a0<a title=\"Wiki Wikipedia\" href=\"http:\/\/es.wikipedia.org\/wiki\/Wiki\" target=\"_blank\" rel=\"noopener noreferrer\">Wiki<\/a>\u00a0colaborativa.\u00a0 Aunque el v\u00eddeo se lanz\u00f3 en 2007, -por eso habla de\u00a0<em>MySpace<\/em>\u00a0en lugar de Facebook o twitter, aunque las equivalencias siguen siendo hoy muy v\u00e1lidas-, \u00a0sigue sirviendo muy bien de marco o arranque de cualquier debate que podemos hacer sobre los cambios en la educaci\u00f3n \u00a0y el aprendizaje que inducen lo digital y los \u2018efectos de la red\u2019, y m\u00e1s si algo los combina como ocurre con el \u2018<a title=\"Aprendizaje Ubicuo Blog Adolfo Plasencia\" href=\"https:\/\/adolfoplasencia.es\/blog\/aprendizaje-ubicuo\/\" target=\"_blank\" rel=\"noopener noreferrer\">aprendizaje ubicuo\u2019<\/a>\u00a0y sus sistemas.<\/p>\n<p>Finalmente, aqu\u00ed est\u00e1 el video traducido y con sonido en espa\u00f1ol (abajo est\u00e1n los cr\u00e9ditos).<\/p>\n<p>Puedes verlo y reflexionar sobre lo que dice m\u00e1s all\u00e1 de que las cifras habr\u00e1 que actualizarlas mentalmente.<\/p>\n<p><iframe loading=\"lazy\" src=\"https:\/\/player.vimeo.com\/video\/37546610\" width=\"500\" height=\"368\" frameborder=\"0\" allowfullscreen=\"allowfullscreen\"><\/iframe><\/p>\n<p><a href=\"https:\/\/vimeo.com\/37546610\">\u00bfSab\u00edas qu\u00e9?: Vivimos en Tiempos exponenciales<\/a> from <a href=\"https:\/\/vimeo.com\/user3425692\">Adolfo Plasencia<\/a> on <a href=\"https:\/\/vimeo.com\">Vimeo<\/a>.<\/p>\n<p><em>&gt; Versi\u00f3n derivada con banda sonora en espa\u00f1ol, realizada por <strong>AdolfoPlasencia<\/strong>. Voz: <strong>Salvador Barber<\/strong>. Traducci\u00f3n <strong>M. J. Plasencia<\/strong> \/<a title=\"Communiqu\u00e9 Tradcciones\" href=\"http:\/\/www.communiquetraducciones.com\/\" target=\"_blank\" rel=\"noopener noreferrer\">Communique<\/a>. Licencia Creative Commons. Attribution-Noncommercial-Share Alike 2.5 Spain. version inicial de <\/em><a title=\"Karl Fisch Blog\" href=\"http:\/\/www.blogger.com\/profile\/11121548023409279686\" target=\"_blank\" rel=\"noopener noreferrer\"><strong><span style=\"display: inline;\">Karl Fisch<\/span><\/strong><\/a> <span style=\"display: inline;\">y <\/span><a title=\"Scott McLeod Web\" href=\"http:\/\/www.scottmcleod.net\/\" target=\"_blank\" rel=\"noopener noreferrer\"><strong> Scott McLeod<\/strong><\/a><\/p>\n<p>&#8230;&#8230;&#8230;&#8230;&#8230;&#8230;&#8230;&#8230;&#8230;&#8230;&#8230;&#8230;&#8230;&#8230;&#8230;&#8230;&#8230;&#8230;&#8230;&#8230;&#8230;&#8230;&#8230;&#8230;&#8230;&#8230;&#8230;&#8230;&#8230;..<\/p>\n","protected":false},"excerpt":{"rendered":"<p>&nbsp; Mirando a nuestro alrededor, con mirada sobre lo local y sobre lo global (dejemos de pensar en lo global no es el \u2018extranjero\u2019, nosotros y nuestro ahora local formamos parte de lo global), lo primero es ser conscientes de los tiempos que nos ha tocado vivir. Vivimos tiempos exponenciales. Tenemos a nuestra alcance instrumentos [&hellip;]<\/p>\n","protected":false},"author":1,"featured_media":0,"comment_status":"open","ping_status":"open","sticky":false,"template":"","format":"standard","meta":{"footnotes":""},"categories":[877,23,21,10,22,282,54],"tags":[47,56,55,49,46,50,53,44,43,45,51],"class_list":["post-49","post","type-post","status-publish","format-standard","hentry","category-adolfo-plasencia","category-cibercultura","category-ciberespacio","category-cultura","category-cultura-digital","category-educacion","category-tecnologia","tag-did-you-know","tag-did-you-know-20","tag-didyouknow","tag-karl-fisch","tag-raymond-kurzweil","tag-scott-mcleod","tag-shifthappens","tag-singularidad","tag-singularidad-tecnologica","tag-tiempos-exponenciales","tag-sabias-que"],"_links":{"self":[{"href":"https:\/\/adolfoplasencia.es\/blog\/wp-json\/wp\/v2\/posts\/49","targetHints":{"allow":["GET"]}}],"collection":[{"href":"https:\/\/adolfoplasencia.es\/blog\/wp-json\/wp\/v2\/posts"}],"about":[{"href":"https:\/\/adolfoplasencia.es\/blog\/wp-json\/wp\/v2\/types\/post"}],"author":[{"embeddable":true,"href":"https:\/\/adolfoplasencia.es\/blog\/wp-json\/wp\/v2\/users\/1"}],"replies":[{"embeddable":true,"href":"https:\/\/adolfoplasencia.es\/blog\/wp-json\/wp\/v2\/comments?post=49"}],"version-history":[{"count":20,"href":"https:\/\/adolfoplasencia.es\/blog\/wp-json\/wp\/v2\/posts\/49\/revisions"}],"predecessor-version":[{"id":1591,"href":"https:\/\/adolfoplasencia.es\/blog\/wp-json\/wp\/v2\/posts\/49\/revisions\/1591"}],"wp:attachment":[{"href":"https:\/\/adolfoplasencia.es\/blog\/wp-json\/wp\/v2\/media?parent=49"}],"wp:term":[{"taxonomy":"category","embeddable":true,"href":"https:\/\/adolfoplasencia.es\/blog\/wp-json\/wp\/v2\/categories?post=49"},{"taxonomy":"post_tag","embeddable":true,"href":"https:\/\/adolfoplasencia.es\/blog\/wp-json\/wp\/v2\/tags?post=49"}],"curies":[{"name":"wp","href":"https:\/\/api.w.org\/{rel}","templated":true}]}}